{"id":6357,"date":"2017-05-20T23:50:24","date_gmt":"2017-05-20T22:50:24","guid":{"rendered":"http:\/\/photo.motelet.com\/wp\/?p=6357"},"modified":"2017-05-20T23:50:24","modified_gmt":"2017-05-20T22:50:24","slug":"didier-sandre-au-chateau-doleron","status":"publish","type":"post","link":"https:\/\/photo.motelet.com\/wp\/didier-sandre-au-chateau-doleron\/","title":{"rendered":"Didier Sandre au Chateau d&rsquo;ol\u00e9ron"},"content":{"rendered":"<p>Premi\u00e8re soir\u00e9e du festival Musiques au pays de Pierre Loti \u00e0 la salle de l&rsquo;arsenal du chateau d&rsquo;Ol\u00e9ron. Didier Sandre \u00e9blouissant dans \u00ab\u00a0l&rsquo;histoire d&rsquo;un soldat\u00a0\u00bb accompagn\u00e9 par les musiciens de l&rsquo;Orchestre National de Bordeaux-Aquitaine sous la direction de Julien Masmondet.<\/p>\n","protected":false},"excerpt":{"rendered":"<p>Premi\u00e8re soir\u00e9e du festival Musiques au pays de Pierre Loti \u00e0 la salle de l&rsquo;arsenal du chateau d&rsquo;Ol\u00e9ron&#8230;.<\/p>\n","protected":false},"author":1,"featured_media":6365,"comment_status":"open","ping_status":"open","sticky":false,"template":"","format":"gallery","meta":{"_jetpack_memberships_contains_paid_content":false,"footnotes":"","jetpack_publicize_message":"","jetpack_publicize_feature_enabled":true,"jetpack_social_post_already_shared":true,"jetpack_social_options":{"image_generator_settings":{"template":"highway","default_image_id":0,"font":"","enabled":false},"version":2}},"categories":[109,11],"tags":[],"class_list":["post-6357","post","type-post","status-publish","format-gallery","has-post-thumbnail","hentry","category-festival-musiques-au-pays-de-pierre-loti","category-scene","post_format-post-format-gallery"],"jetpack_publicize_connections":[],"jetpack_featured_media_url":"https:\/\/photo.motelet.com\/wp\/wp-content\/uploads\/2017\/05\/DSC_2381b.jpg","jetpack_sharing_enabled":true,"_links":{"self":[{"href":"https:\/\/photo.motelet.com\/wp\/wp-json\/wp\/v2\/posts\/6357","targetHints":{"allow":["GET"]}}],"collection":[{"href":"https:\/\/photo.motelet.com\/wp\/wp-json\/wp\/v2\/posts"}],"about":[{"href":"https:\/\/photo.motelet.com\/wp\/wp-json\/wp\/v2\/types\/post"}],"author":[{"embeddable":true,"href":"https:\/\/photo.motelet.com\/wp\/wp-json\/wp\/v2\/users\/1"}],"replies":[{"embeddable":true,"href":"https:\/\/photo.motelet.com\/wp\/wp-json\/wp\/v2\/comments?post=6357"}],"version-history":[{"count":1,"href":"https:\/\/photo.motelet.com\/wp\/wp-json\/wp\/v2\/posts\/6357\/revisions"}],"predecessor-version":[{"id":6368,"href":"https:\/\/photo.motelet.com\/wp\/wp-json\/wp\/v2\/posts\/6357\/revisions\/6368"}],"wp:featuredmedia":[{"embeddable":true,"href":"https:\/\/photo.motelet.com\/wp\/wp-json\/wp\/v2\/media\/6365"}],"wp:attachment":[{"href":"https:\/\/photo.motelet.com\/wp\/wp-json\/wp\/v2\/media?parent=6357"}],"wp:term":[{"taxonomy":"category","embeddable":true,"href":"https:\/\/photo.motelet.com\/wp\/wp-json\/wp\/v2\/categories?post=6357"},{"taxonomy":"post_tag","embeddable":true,"href":"https:\/\/photo.motelet.com\/wp\/wp-json\/wp\/v2\/tags?post=6357"}],"curies":[{"name":"wp","href":"https:\/\/api.w.org\/{rel}","templated":true}]}}