{"id":5721,"date":"2016-10-15T07:41:24","date_gmt":"2016-10-15T06:41:24","guid":{"rendered":"http:\/\/photo.motelet.com\/wp\/?p=5721"},"modified":"2016-10-15T08:39:57","modified_gmt":"2016-10-15T07:39:57","slug":"rencontres-avec-yousry-nasrallah-et-olivier-delahaye","status":"publish","type":"post","link":"https:\/\/photo.motelet.com\/wp\/rencontres-avec-yousry-nasrallah-et-olivier-delahaye\/","title":{"rendered":"Rencontres avec Yousry Nasrallah et Olivier Delahaye"},"content":{"rendered":"<p>3\u00e8me journ\u00e9e du festival Visions d&rsquo;Afrique.<br \/>\nAu programme : \u00ab\u00a0Soleils\u00a0\u00bb d&rsquo;Olivier Delahaye pour les coll\u00e9giens d&rsquo;Ol\u00e9ron, suivi d&rsquo;une discussion avec le cin\u00e9aste.<br \/>\nLe\u00e7on de cin\u00e9ma avec Yousry Nasrallah \u00e0 la suite de la projection de son film \u00ab\u00a0Apr\u00e8s la bataille\u00a0\u00bb<br \/>\net cin\u00e9-conf\u00e9rence avec Philippe Hugon sur le th\u00e8me : l&rsquo;Afrique, continent de l&rsquo;avenir?<\/p>\n","protected":false},"excerpt":{"rendered":"<p>3\u00e8me journ\u00e9e du festival Visions d&rsquo;Afrique. Au programme : \u00ab\u00a0Soleils\u00a0\u00bb d&rsquo;Olivier Delahaye pour les coll\u00e9giens d&rsquo;Ol\u00e9ron, suivi d&rsquo;une&#8230;<\/p>\n","protected":false},"author":1,"featured_media":5729,"comment_status":"open","ping_status":"open","sticky":false,"template":"","format":"gallery","meta":{"_jetpack_memberships_contains_paid_content":false,"footnotes":"","jetpack_publicize_message":"","jetpack_publicize_feature_enabled":true,"jetpack_social_post_already_shared":true,"jetpack_social_options":{"image_generator_settings":{"template":"highway","default_image_id":0,"font":"","enabled":false},"version":2}},"categories":[108,110],"tags":[],"class_list":["post-5721","post","type-post","status-publish","format-gallery","has-post-thumbnail","hentry","category-cinema-eldorado","category-festival-visions-dafrique","post_format-post-format-gallery"],"jetpack_publicize_connections":[],"jetpack_featured_media_url":"https:\/\/photo.motelet.com\/wp\/wp-content\/uploads\/2016\/10\/DSC4441.jpg","jetpack_sharing_enabled":true,"_links":{"self":[{"href":"https:\/\/photo.motelet.com\/wp\/wp-json\/wp\/v2\/posts\/5721","targetHints":{"allow":["GET"]}}],"collection":[{"href":"https:\/\/photo.motelet.com\/wp\/wp-json\/wp\/v2\/posts"}],"about":[{"href":"https:\/\/photo.motelet.com\/wp\/wp-json\/wp\/v2\/types\/post"}],"author":[{"embeddable":true,"href":"https:\/\/photo.motelet.com\/wp\/wp-json\/wp\/v2\/users\/1"}],"replies":[{"embeddable":true,"href":"https:\/\/photo.motelet.com\/wp\/wp-json\/wp\/v2\/comments?post=5721"}],"version-history":[{"count":3,"href":"https:\/\/photo.motelet.com\/wp\/wp-json\/wp\/v2\/posts\/5721\/revisions"}],"predecessor-version":[{"id":5749,"href":"https:\/\/photo.motelet.com\/wp\/wp-json\/wp\/v2\/posts\/5721\/revisions\/5749"}],"wp:featuredmedia":[{"embeddable":true,"href":"https:\/\/photo.motelet.com\/wp\/wp-json\/wp\/v2\/media\/5729"}],"wp:attachment":[{"href":"https:\/\/photo.motelet.com\/wp\/wp-json\/wp\/v2\/media?parent=5721"}],"wp:term":[{"taxonomy":"category","embeddable":true,"href":"https:\/\/photo.motelet.com\/wp\/wp-json\/wp\/v2\/categories?post=5721"},{"taxonomy":"post_tag","embeddable":true,"href":"https:\/\/photo.motelet.com\/wp\/wp-json\/wp\/v2\/tags?post=5721"}],"curies":[{"name":"wp","href":"https:\/\/api.w.org\/{rel}","templated":true}]}}