{"id":4021,"date":"2016-03-05T22:39:23","date_gmt":"2016-03-05T21:39:23","guid":{"rendered":"http:\/\/photo.motelet.com\/wp\/?p=4021"},"modified":"2016-03-13T14:55:25","modified_gmt":"2016-03-13T13:55:25","slug":"le-long-du-quai","status":"publish","type":"post","link":"https:\/\/photo.motelet.com\/wp\/le-long-du-quai\/","title":{"rendered":"le long du quai"},"content":{"rendered":"<p>S\u00e9ance photo sur la plage,  autour des ganivelles, ces palissades qui bordent nos dunes, pour pr\u00e9senter la nouvelle collection de la marque IO.  Couch\u00e9 de soleil oblige, la lumi\u00e8re nous enveloppe. Les mod\u00e8les amateurs se comportent en habitu\u00e9s des shooting.  Esprit famille,  vacances, loisirs en bord de mer pour illustrer les v\u00eatements que vous retrouverez dans les boutiques de l&rsquo;\u00eele d&rsquo;Ol\u00e9ron. <\/p>\n","protected":false},"excerpt":{"rendered":"<p>S\u00e9ance photo sur la plage, autour des ganivelles, ces palissades qui bordent nos dunes, pour pr\u00e9senter la nouvelle&#8230;<\/p>\n","protected":false},"author":1,"featured_media":4026,"comment_status":"open","ping_status":"open","sticky":false,"template":"","format":"gallery","meta":{"_jetpack_memberships_contains_paid_content":false,"footnotes":"","jetpack_publicize_message":"","jetpack_publicize_feature_enabled":true,"jetpack_social_post_already_shared":true,"jetpack_social_options":{"image_generator_settings":{"template":"highway","default_image_id":0,"font":"","enabled":false},"version":2}},"categories":[7,14,9],"tags":[],"class_list":["post-4021","post","type-post","status-publish","format-gallery","has-post-thumbnail","hentry","category-portrait","category-portrait-de-famille","category-portrait-exterieur","post_format-post-format-gallery"],"jetpack_publicize_connections":[],"jetpack_featured_media_url":"https:\/\/photo.motelet.com\/wp\/wp-content\/uploads\/2016\/03\/112.jpg","jetpack_sharing_enabled":true,"_links":{"self":[{"href":"https:\/\/photo.motelet.com\/wp\/wp-json\/wp\/v2\/posts\/4021","targetHints":{"allow":["GET"]}}],"collection":[{"href":"https:\/\/photo.motelet.com\/wp\/wp-json\/wp\/v2\/posts"}],"about":[{"href":"https:\/\/photo.motelet.com\/wp\/wp-json\/wp\/v2\/types\/post"}],"author":[{"embeddable":true,"href":"https:\/\/photo.motelet.com\/wp\/wp-json\/wp\/v2\/users\/1"}],"replies":[{"embeddable":true,"href":"https:\/\/photo.motelet.com\/wp\/wp-json\/wp\/v2\/comments?post=4021"}],"version-history":[{"count":3,"href":"https:\/\/photo.motelet.com\/wp\/wp-json\/wp\/v2\/posts\/4021\/revisions"}],"predecessor-version":[{"id":4092,"href":"https:\/\/photo.motelet.com\/wp\/wp-json\/wp\/v2\/posts\/4021\/revisions\/4092"}],"wp:featuredmedia":[{"embeddable":true,"href":"https:\/\/photo.motelet.com\/wp\/wp-json\/wp\/v2\/media\/4026"}],"wp:attachment":[{"href":"https:\/\/photo.motelet.com\/wp\/wp-json\/wp\/v2\/media?parent=4021"}],"wp:term":[{"taxonomy":"category","embeddable":true,"href":"https:\/\/photo.motelet.com\/wp\/wp-json\/wp\/v2\/categories?post=4021"},{"taxonomy":"post_tag","embeddable":true,"href":"https:\/\/photo.motelet.com\/wp\/wp-json\/wp\/v2\/tags?post=4021"}],"curies":[{"name":"wp","href":"https:\/\/api.w.org\/{rel}","templated":true}]}}