{"id":3724,"date":"2015-06-05T14:25:28","date_gmt":"2015-06-05T13:25:28","guid":{"rendered":"http:\/\/photo.motelet.com\/wp\/?p=3724"},"modified":"2016-05-07T16:47:33","modified_gmt":"2016-05-07T15:47:33","slug":"3724-2","status":"publish","type":"post","link":"https:\/\/photo.motelet.com\/wp\/3724-2\/","title":{"rendered":"Catherine Frot"},"content":{"rendered":"<p>Des r\u00e9p\u00e9titions \u00e0 la soir\u00e9e de Gala \u00e0 la Coupe d&rsquo;Or, voici quelques photos r\u00e9alis\u00e9es pendant le 11 \u00e8me festival de musiques au pays de Pierre Loti avec la pr\u00e9sence de Catherine Frot. Elle \u00e9tait en terrain connu puisqu&rsquo;elle est originaire de Rochefort sur mer o\u00f9 a eu lieu la soir\u00e9e de cl\u00f4ture du festival de l&rsquo;an dernier.<\/p>\n","protected":false},"excerpt":{"rendered":"<p>Des r\u00e9p\u00e9titions \u00e0 la soir\u00e9e de Gala \u00e0 la Coupe d&rsquo;Or, voici quelques photos r\u00e9alis\u00e9es pendant le 11&#8230;<\/p>\n","protected":false},"author":1,"featured_media":3734,"comment_status":"open","ping_status":"open","sticky":false,"template":"","format":"gallery","meta":{"_jetpack_memberships_contains_paid_content":false,"footnotes":"","jetpack_publicize_message":"","jetpack_publicize_feature_enabled":true,"jetpack_social_post_already_shared":true,"jetpack_social_options":{"image_generator_settings":{"template":"highway","default_image_id":0,"font":"","enabled":false},"version":2}},"categories":[109,13,11],"tags":[],"class_list":["post-3724","post","type-post","status-publish","format-gallery","has-post-thumbnail","hentry","category-festival-musiques-au-pays-de-pierre-loti","category-reportage","category-scene","post_format-post-format-gallery"],"jetpack_publicize_connections":[],"jetpack_featured_media_url":"https:\/\/photo.motelet.com\/wp\/wp-content\/uploads\/2016\/03\/festival_musique_loti_2015_341.jpg","jetpack_sharing_enabled":true,"_links":{"self":[{"href":"https:\/\/photo.motelet.com\/wp\/wp-json\/wp\/v2\/posts\/3724","targetHints":{"allow":["GET"]}}],"collection":[{"href":"https:\/\/photo.motelet.com\/wp\/wp-json\/wp\/v2\/posts"}],"about":[{"href":"https:\/\/photo.motelet.com\/wp\/wp-json\/wp\/v2\/types\/post"}],"author":[{"embeddable":true,"href":"https:\/\/photo.motelet.com\/wp\/wp-json\/wp\/v2\/users\/1"}],"replies":[{"embeddable":true,"href":"https:\/\/photo.motelet.com\/wp\/wp-json\/wp\/v2\/comments?post=3724"}],"version-history":[{"count":5,"href":"https:\/\/photo.motelet.com\/wp\/wp-json\/wp\/v2\/posts\/3724\/revisions"}],"predecessor-version":[{"id":4558,"href":"https:\/\/photo.motelet.com\/wp\/wp-json\/wp\/v2\/posts\/3724\/revisions\/4558"}],"wp:featuredmedia":[{"embeddable":true,"href":"https:\/\/photo.motelet.com\/wp\/wp-json\/wp\/v2\/media\/3734"}],"wp:attachment":[{"href":"https:\/\/photo.motelet.com\/wp\/wp-json\/wp\/v2\/media?parent=3724"}],"wp:term":[{"taxonomy":"category","embeddable":true,"href":"https:\/\/photo.motelet.com\/wp\/wp-json\/wp\/v2\/categories?post=3724"},{"taxonomy":"post_tag","embeddable":true,"href":"https:\/\/photo.motelet.com\/wp\/wp-json\/wp\/v2\/tags?post=3724"}],"curies":[{"name":"wp","href":"https:\/\/api.w.org\/{rel}","templated":true}]}}